{"id":707,"date":"2019-08-30T13:51:06","date_gmt":"2019-08-30T13:51:06","guid":{"rendered":"http:\/\/rettungsdienst-wesseling.de\/?p=707"},"modified":"2020-08-25T09:52:49","modified_gmt":"2020-08-25T09:52:49","slug":"freitag-der-13-september-ist-rauchwarnmeldertag","status":"publish","type":"post","link":"https:\/\/feuerwehr-wesseling.de\/?p=707","title":{"rendered":"Freitag, der 13. September ist Rauchwarnmeldertag"},"content":{"rendered":"<p><img loading=\"lazy\" decoding=\"async\" width=\"250\" height=\"140\" class=\" alignleft size-full wp-image-706\" style=\"float: left;\" alt=\"rauchmeldertag\" src=\"http:\/\/rettungsdienst-wesseling.de\/wp-content\/uploads\/2019\/08\/rauchmeldertag.jpg\" srcset=\"https:\/\/feuerwehr-wesseling.de\/wp-content\/uploads\/2019\/08\/rauchmeldertag.jpg 650w, https:\/\/feuerwehr-wesseling.de\/wp-content\/uploads\/2019\/08\/rauchmeldertag-300x168.jpg 300w, https:\/\/feuerwehr-wesseling.de\/wp-content\/uploads\/2019\/08\/rauchmeldertag-250x140.jpg 250w\" sizes=\"auto, (max-width: 250px) 100vw, 250px\" \/>120 Sekunden, die Leben retten<\/p>\n<p>Unter dem Motto \u201e120 Sekunden, um zu \u00fcberleben!&#8220; startet die Initiative \u201eRauchmelder retten Leben&#8220; am Rauchmeldertag Freitag, 13. September 2019 ihre neue Kampagne. Auch die Provinzial Versicherungen und der Verband der Feuerwehren in NRW beteiligen sich an den vielen Aktionenrund um das Thema Rauchwarnmelder.<\/p>\n<p><!--more--><\/p>\n<p>Nur 120 Sekunden, um zu \u00fcberleben<\/p>\n<p>\u201eDie meisten Menschen wissen nicht, wie man sich im Brandfall richtig verh\u00e4lt&#8220;, sagt Brandassessor Mirco Schneider, Leiter der Abteilung Schadenverh\u00fctung \/ Risikoberatung bei der Westf\u00e4lischen Provinzial Versicherung. \u201eIm Ernstfall bleiben nur ca. 120 Sekunden um sich in Sicherheit zu bringen&#8220;, f\u00fchrt Schneider weiter aus. Das Gef\u00e4hrliche bei einem Brand ist der hochgiftige Brandrauch. Schon drei Atemz\u00fcge k\u00f6nnen f\u00fcr den Menschen t\u00f6dlich sein. Leider gibt es immer wieder F\u00e4lle, wo Wohneigent\u00fcmer trotz bestehender Rauchwarnmelderpflicht eine Installation der kleinen Lebensretter nicht vorgenommen haben. \u201eAus der Praxis wissen wir, dass gerade private Eigent\u00fcmer von Wohnungen und H\u00e4usern oft nicht ausreichend \u00fcber die geltende Rauchwarnmelderpflicht informiert sind. Vielen ist einfach nicht bewusst, dass sie f\u00fcr die Umsetzung verantwortlich sind, ganz gleich, ob sie ihre Immobilie vermieten oder selbst bewohnen&#8220;, erkl\u00e4rt Tristan Krieger, Referent f\u00fcr Brandschutzerziehung und Brandschutzaufkl\u00e4rung vom Verband der Feuerwehren in NRW.<\/p>\n<p>Richtiges Verhalten im Brandfall<\/p>\n<p>Im Brandfall geraten Menschen schnell in Panik, springen aus dem Fenster oder laufen in den verrauchten Treppenraum. Dabei gilt: Wenn es in der Wohnung brennt, sollte diese schnellstm\u00f6glich verlassen werden. Brennt der Treppenraum oder ist dieser verraucht, bleibt man in der Wohnung und ruft die Feuerwehr \u00fcber den Notruf 112. Wichtig ist, alle T\u00fcren zu schlie\u00dfen, damit Feuer und Rauch nicht in die Wohnung gelangen. Hierzu gibt es auf der gemeinsamen Homepage der Provinzial und dem Verband der Feuerwehren in NRW wertvolle Tipps sowie weitere Informationsflyer www.sicherheitserziehung.de\/brandschutzaufklaerung\/verhalten-im-brandfall<\/p>\n","protected":false},"excerpt":{"rendered":"<p>120 Sekunden, die Leben retten Unter dem Motto \u201e120 Sekunden, um zu \u00fcberleben!&#8220; startet die Initiative \u201eRauchmelder retten Leben&#8220; am Rauchmeldertag Freitag, 13. September 2019 ihre neue Kampagne. Auch die &#8230; <a title=\"Freitag, der 13. September ist Rauchwarnmeldertag\" class=\"read-more\" href=\"https:\/\/feuerwehr-wesseling.de\/?p=707\" aria-label=\"Mehr Informationen \u00fcber Freitag, der 13. September ist Rauchwarnmeldertag\">Weiterlesen<\/a><\/p>\n","protected":false},"author":1,"featured_media":0,"comment_status":"closed","ping_status":"open","sticky":false,"template":"","format":"standard","meta":{"_price":"","_stock":"","_tribe_ticket_header":"","_tribe_default_ticket_provider":"","_ticket_start_date":"","_ticket_end_date":"","_tribe_ticket_show_description":"","_tribe_ticket_show_not_going":false,"_tribe_ticket_use_global_stock":"","_tribe_ticket_global_stock_level":"","_global_stock_mode":"","_global_stock_cap":"","_tribe_rsvp_for_event":"","_tribe_ticket_going_count":"","_tribe_ticket_not_going_count":"","_tribe_tickets_list":"[]","_tribe_ticket_has_attendee_info_fields":false,"footnotes":""},"categories":[104],"tags":[],"class_list":["post-707","post","type-post","status-publish","format-standard","hentry","category-feuerwehr-aktuell"],"_links":{"self":[{"href":"https:\/\/feuerwehr-wesseling.de\/index.php?rest_route=\/wp\/v2\/posts\/707","targetHints":{"allow":["GET"]}}],"collection":[{"href":"https:\/\/feuerwehr-wesseling.de\/index.php?rest_route=\/wp\/v2\/posts"}],"about":[{"href":"https:\/\/feuerwehr-wesseling.de\/index.php?rest_route=\/wp\/v2\/types\/post"}],"author":[{"embeddable":true,"href":"https:\/\/feuerwehr-wesseling.de\/index.php?rest_route=\/wp\/v2\/users\/1"}],"replies":[{"embeddable":true,"href":"https:\/\/feuerwehr-wesseling.de\/index.php?rest_route=%2Fwp%2Fv2%2Fcomments&post=707"}],"version-history":[{"count":1,"href":"https:\/\/feuerwehr-wesseling.de\/index.php?rest_route=\/wp\/v2\/posts\/707\/revisions"}],"predecessor-version":[{"id":2213,"href":"https:\/\/feuerwehr-wesseling.de\/index.php?rest_route=\/wp\/v2\/posts\/707\/revisions\/2213"}],"wp:attachment":[{"href":"https:\/\/feuerwehr-wesseling.de\/index.php?rest_route=%2Fwp%2Fv2%2Fmedia&parent=707"}],"wp:term":[{"taxonomy":"category","embeddable":true,"href":"https:\/\/feuerwehr-wesseling.de\/index.php?rest_route=%2Fwp%2Fv2%2Fcategories&post=707"},{"taxonomy":"post_tag","embeddable":true,"href":"https:\/\/feuerwehr-wesseling.de\/index.php?rest_route=%2Fwp%2Fv2%2Ftags&post=707"}],"curies":[{"name":"wp","href":"https:\/\/api.w.org\/{rel}","templated":true}]}}