{"id":709,"date":"2020-02-09T12:27:40","date_gmt":"2020-02-09T12:27:40","guid":{"rendered":"http:\/\/rettungsdienst-wesseling.de\/?p=709"},"modified":"2020-08-25T09:52:11","modified_gmt":"2020-08-25T09:52:11","slug":"sturmtief-sabine","status":"publish","type":"post","link":"https:\/\/feuerwehr-wesseling.de\/?p=709","title":{"rendered":"Sturmtief &#8220; Sabine &#8222;"},"content":{"rendered":"<p><img loading=\"lazy\" decoding=\"async\" width=\"250\" height=\"188\" class=\" alignleft size-full wp-image-659\" style=\"margin: 5px; float: left;\" alt=\"12604704 1705428559741386 8186123959929140650 o\" src=\"http:\/\/rettungsdienst-wesseling.de\/wp-content\/uploads\/2017\/03\/12604704_1705428559741386_8186123959929140650_o.jpg\">Die Feuerwehr Wesseling empfiehlt, fr\u00fchzeitig lose Gegenst\u00e4nde wie Gartenm\u00f6bel, Blument\u00f6pfe etc. von Balkonen und Dachterrassen in windgesch\u00fctzte Bereiche zu r\u00e4umen. Auch M\u00fclltonnen sollten entsprechend gesichert werden.<\/p>\n<p>W\u00e4hrend des Sturms sollten B\u00fcrgerinnen und B\u00fcrger m\u00f6glichst nicht ins Freie gehen. Wenn dies unumg\u00e4nglich ist, dann sollten W\u00e4lder, Parks und die N\u00e4he hoher B\u00e4ume gemieden werden.<\/p>\n<p>Besondere Vorsicht gilt auch in der N\u00e4he von Baustellen, Ger\u00fcsten und Absperrungen, da hier m\u00f6glicherweise lose Gegenst\u00e4nde umherfliegen k\u00f6nnten. In der N\u00e4he von Geb\u00e4uden sollte auf eventuell herabst\u00fcrzende Dachpfannen, etc. geachtet werden.<\/p>\n<p><!--more--><\/p>\n<p>B\u00fcrgerinnen und B\u00fcrger werden aufgefordert, sich in keinem Fall selbst in Gefahr zu bringen, wenn lose Gegenst\u00e4nde drohen abzust\u00fcrzen, umhergewirbelt werden oder B\u00e4ume drohen umzust\u00fcrzen, sondern die Feuerwehr \u00fcber die Notrufnummer 112 zu rufen, den Ort der Gef\u00e4hrdung zu melden und sich in Sicherheit zu bringen.<\/p>\n<p>Die Feuerwehr ruft die Wesselingerinnen und Wesseliger auf, aufeinander zu achten und die Nachbarschaft fr\u00fchzeitig \u00fcber diese Gefahren zu informieren.<\/p>\n<p>Kurzfristig aufgestellte Hinweisschilder und Absperrungen von Feuerwehr und Ordnungs\u00e4mtern sind in jedem Fall zu beachten!<\/p>\n<p>Weitere Hinweise ver\u00f6ffentlichen die Feuerwehren kurzfristig \u00fcber die Warn-App &#8222;NINA&#8220;, die kostenlos auf dem Smartphone installiert werden kann (&nbsp;<a href=\"https:\/\/www.bbk.bund.de\/DE\/NINA\/Warn-App_NINA.html\"><\/a><a href=\"https:\/\/www.bbk.bund.de\/DE\/NINA\/Warn-App_NINA.html\">https:\/\/www.bbk.bund.de\/DE\/NINA\/Warn-App_NINA.html<\/a>).<\/p>\n","protected":false},"excerpt":{"rendered":"<p>Die Feuerwehr Wesseling empfiehlt, fr\u00fchzeitig lose Gegenst\u00e4nde wie Gartenm\u00f6bel, Blument\u00f6pfe etc. von Balkonen und Dachterrassen in windgesch\u00fctzte Bereiche zu r\u00e4umen. Auch M\u00fclltonnen sollten entsprechend gesichert werden. W\u00e4hrend des Sturms sollten &#8230; <a title=\"Sturmtief &#8220; Sabine &#8222;\" class=\"read-more\" href=\"https:\/\/feuerwehr-wesseling.de\/?p=709\" aria-label=\"Mehr Informationen \u00fcber Sturmtief &#8220; Sabine &#8222;\">Weiterlesen<\/a><\/p>\n","protected":false},"author":1,"featured_media":0,"comment_status":"closed","ping_status":"open","sticky":false,"template":"","format":"standard","meta":{"_price":"","_stock":"","_tribe_ticket_header":"","_tribe_default_ticket_provider":"","_ticket_start_date":"","_ticket_end_date":"","_tribe_ticket_show_description":"","_tribe_ticket_show_not_going":false,"_tribe_ticket_use_global_stock":"","_tribe_ticket_global_stock_level":"","_global_stock_mode":"","_global_stock_cap":"","_tribe_rsvp_for_event":"","_tribe_ticket_going_count":"","_tribe_ticket_not_going_count":"","_tribe_tickets_list":"[]","_tribe_ticket_has_attendee_info_fields":false,"footnotes":""},"categories":[104],"tags":[],"class_list":["post-709","post","type-post","status-publish","format-standard","hentry","category-feuerwehr-aktuell"],"_links":{"self":[{"href":"https:\/\/feuerwehr-wesseling.de\/index.php?rest_route=\/wp\/v2\/posts\/709","targetHints":{"allow":["GET"]}}],"collection":[{"href":"https:\/\/feuerwehr-wesseling.de\/index.php?rest_route=\/wp\/v2\/posts"}],"about":[{"href":"https:\/\/feuerwehr-wesseling.de\/index.php?rest_route=\/wp\/v2\/types\/post"}],"author":[{"embeddable":true,"href":"https:\/\/feuerwehr-wesseling.de\/index.php?rest_route=\/wp\/v2\/users\/1"}],"replies":[{"embeddable":true,"href":"https:\/\/feuerwehr-wesseling.de\/index.php?rest_route=%2Fwp%2Fv2%2Fcomments&post=709"}],"version-history":[{"count":1,"href":"https:\/\/feuerwehr-wesseling.de\/index.php?rest_route=\/wp\/v2\/posts\/709\/revisions"}],"predecessor-version":[{"id":2212,"href":"https:\/\/feuerwehr-wesseling.de\/index.php?rest_route=\/wp\/v2\/posts\/709\/revisions\/2212"}],"wp:attachment":[{"href":"https:\/\/feuerwehr-wesseling.de\/index.php?rest_route=%2Fwp%2Fv2%2Fmedia&parent=709"}],"wp:term":[{"taxonomy":"category","embeddable":true,"href":"https:\/\/feuerwehr-wesseling.de\/index.php?rest_route=%2Fwp%2Fv2%2Fcategories&post=709"},{"taxonomy":"post_tag","embeddable":true,"href":"https:\/\/feuerwehr-wesseling.de\/index.php?rest_route=%2Fwp%2Fv2%2Ftags&post=709"}],"curies":[{"name":"wp","href":"https:\/\/api.w.org\/{rel}","templated":true}]}}