{"id":710,"date":"2020-02-12T09:18:57","date_gmt":"2020-02-12T09:18:57","guid":{"rendered":"http:\/\/rettungsdienst-wesseling.de\/?p=710"},"modified":"2020-08-25T09:51:52","modified_gmt":"2020-08-25T09:51:52","slug":"brandeinsatz-in-der-wilhelm-busch-hauptschule","status":"publish","type":"post","link":"https:\/\/feuerwehr-wesseling.de\/?p=710","title":{"rendered":"Brandeinsatz in der Wilhelm-Busch-Hauptschule"},"content":{"rendered":"<p><img loading=\"lazy\" decoding=\"async\" class=\" alignleft size-full wp-image-659\" style=\"margin: 5px; float: left;\" src=\"http:\/\/rettungsdienst-wesseling.de\/wp-content\/uploads\/2017\/03\/12604704_1705428559741386_8186123959929140650_o.jpg\" alt=\"12604704 1705428559741386 8186123959929140650 o\" width=\"250\" height=\"188\" \/>Wesseling. (wpd\/ka) Die Feuerwehr Wesseling wurde am Dienstag, 11. Februar, um 12.16 zu einem Brandeinsatz an der Wilhelm-Busch-Hauptschule alarmiert. Vor Ort zeigte sich eine massive Rauchentwicklung im dritten Obergeschoss am s\u00fcdlichen Ende des Schulgeb\u00e4udes.<\/p>\n<p>Das Einsatzteam der Wesselinger Feuerwehr, unter Leitung von Andr\u00e9 Bach, stellte am Einsatzort fest, dass das Dach bis zur Mitte des Geb\u00e4udes brannte. Die in diesem Bereich installierte Brandwand verhinderte, dass das Feuer auf den n\u00e4chsten Geb\u00e4udeteil \u00fcbergreifen konnte.<\/p>\n<p><!--more--><\/p>\n<p>Bei der Brandbek\u00e4mpfung \u00fcber Leiterfahrzeuge wurde die Wesselinger Wehr durch die Feuerwehren aus Br\u00fchl, Frechen und Kerpen unterst\u00fctzt. Insgesamt waren \u00fcber 100 Einsatzkr\u00e4fte eingesetzt. Nach ca. 2 Stunden hatten die Einsatzkr\u00e4fte den Brand unter Kontrolle. Ein gro\u00dfes Lob an die Einsatzkr\u00e4fte sprach B\u00fcrgermeister Erwin Esser aus: &#8222;Ich muss auch der Feuerwehr von Wesseling, von Br\u00fchl, Frechen und Kerpen danken, dass sie so schnell im Einsatz waren, und dass sie so f\u00fcrsorglich gehandelt haben.&#8220;<\/p>\n<p>Da sich die massive Rauchentwicklung auch auf das Stadtgebiet auswirkte, wurde fr\u00fchzeitig eine Warnmeldung an die Bev\u00f6lkerung \u00fcber die Warn-App NINA herausgegeben, und der Sirenenalarm ausgel\u00f6st, um zu signalisieren, dass vorsichtshalber alle T\u00fcren und Fenster geschlossen zu halten waren.<\/p>\n<p>Da die R\u00e4umlichkeiten des betroffenen Geb\u00e4udes aktuell nicht genutzt werden, mussten demnach keine Personen evakuiert werden. W\u00e4hrend des gesamten Einsatzes kam niemand zu Schaden. Zum Zeitpunkt der Alarmierung befanden sich auf dem Schulcampus ca. 1.400 Sch\u00fclerinnen und Sch\u00fcler, die von den Einsatzkr\u00e4ften umgehend zum Ausgang des Schulgel\u00e4ndes geleitet und nach Hause geschickt wurden.<\/p>\n<p>Bis zum Einsatzende waren Messeinheiten im Stadtgebiet unterwegs. Bei den Messungen konnte \u2013 auch aufgrund der sturmartigen Windsituation \u2013 keine Freisetzung von Schadstoffen festgestellt werden. Die endg\u00fcltige Entwarnung wurde gegen Einsatzende abgegeben, als auszuschlie\u00dfen war, dass es zu einer R\u00fcckz\u00fcndung an der Brandstelle kommt, welche einen Aussto\u00df von Schadstoffen h\u00e4tte bewirken k\u00f6nnen.<\/p>\n<p>Ab dem Nachmittag wurde ein Sicherheitsdienst \u00fcber Nacht eingesetzt, um den Geb\u00e4udeteil gegen Zugriffe durch Dritte zu sichern.<\/p>\n<p>Zum Ausma\u00df des Geb\u00e4udeschadens wie auch zur Brandursache kann bislang keine Auskunft erteilt werden, da die Gutachten durch Sachverst\u00e4ndige und Statiker noch ausstehen.<\/p>\n<p>PM: Stadt Wesseling<\/p>\n","protected":false},"excerpt":{"rendered":"<p>Wesseling. (wpd\/ka) Die Feuerwehr Wesseling wurde am Dienstag, 11. Februar, um 12.16 zu einem Brandeinsatz an der Wilhelm-Busch-Hauptschule alarmiert. Vor Ort zeigte sich eine massive Rauchentwicklung im dritten Obergeschoss am &#8230; <a title=\"Brandeinsatz in der Wilhelm-Busch-Hauptschule\" class=\"read-more\" href=\"https:\/\/feuerwehr-wesseling.de\/?p=710\" aria-label=\"Mehr Informationen \u00fcber Brandeinsatz in der Wilhelm-Busch-Hauptschule\">Weiterlesen<\/a><\/p>\n","protected":false},"author":1,"featured_media":0,"comment_status":"closed","ping_status":"open","sticky":false,"template":"","format":"standard","meta":{"_price":"","_stock":"","_tribe_ticket_header":"","_tribe_default_ticket_provider":"","_ticket_start_date":"","_ticket_end_date":"","_tribe_ticket_show_description":"","_tribe_ticket_show_not_going":false,"_tribe_ticket_use_global_stock":"","_tribe_ticket_global_stock_level":"","_global_stock_mode":"","_global_stock_cap":"","_tribe_rsvp_for_event":"","_tribe_ticket_going_count":"","_tribe_ticket_not_going_count":"","_tribe_tickets_list":"[]","_tribe_ticket_has_attendee_info_fields":false,"footnotes":""},"categories":[104],"tags":[],"class_list":["post-710","post","type-post","status-publish","format-standard","hentry","category-feuerwehr-aktuell"],"_links":{"self":[{"href":"https:\/\/feuerwehr-wesseling.de\/index.php?rest_route=\/wp\/v2\/posts\/710","targetHints":{"allow":["GET"]}}],"collection":[{"href":"https:\/\/feuerwehr-wesseling.de\/index.php?rest_route=\/wp\/v2\/posts"}],"about":[{"href":"https:\/\/feuerwehr-wesseling.de\/index.php?rest_route=\/wp\/v2\/types\/post"}],"author":[{"embeddable":true,"href":"https:\/\/feuerwehr-wesseling.de\/index.php?rest_route=\/wp\/v2\/users\/1"}],"replies":[{"embeddable":true,"href":"https:\/\/feuerwehr-wesseling.de\/index.php?rest_route=%2Fwp%2Fv2%2Fcomments&post=710"}],"version-history":[{"count":3,"href":"https:\/\/feuerwehr-wesseling.de\/index.php?rest_route=\/wp\/v2\/posts\/710\/revisions"}],"predecessor-version":[{"id":2209,"href":"https:\/\/feuerwehr-wesseling.de\/index.php?rest_route=\/wp\/v2\/posts\/710\/revisions\/2209"}],"wp:attachment":[{"href":"https:\/\/feuerwehr-wesseling.de\/index.php?rest_route=%2Fwp%2Fv2%2Fmedia&parent=710"}],"wp:term":[{"taxonomy":"category","embeddable":true,"href":"https:\/\/feuerwehr-wesseling.de\/index.php?rest_route=%2Fwp%2Fv2%2Fcategories&post=710"},{"taxonomy":"post_tag","embeddable":true,"href":"https:\/\/feuerwehr-wesseling.de\/index.php?rest_route=%2Fwp%2Fv2%2Ftags&post=710"}],"curies":[{"name":"wp","href":"https:\/\/api.w.org\/{rel}","templated":true}]}}